[{"@context":"https:\/\/schema.org\/","@type":"Article","@id":"https:\/\/www.lgf1.cz\/vybirame-posuvne-dvere-pro-vestavenou-skrin\/#Article","mainEntityOfPage":"https:\/\/www.lgf1.cz\/vybirame-posuvne-dvere-pro-vestavenou-skrin\/","headline":"Vyb\u00edr\u00e1me posuvn\u00e9 dve\u0159e pro vestav\u011bnou sk\u0159\u00ed\u0148","name":"Vyb\u00edr\u00e1me posuvn\u00e9 dve\u0159e pro vestav\u011bnou sk\u0159\u00ed\u0148","description":"Vestav\u011bn\u00e9 sk\u0159\u00edn\u011b na m\u00edru jsou p\u0159\u00ednosn\u00e9 jak z praktick\u00e9ho hlediska, tak i estetick\u00e9ho. Jde toti\u017e o mnohdy velkou plochu v obytn\u00e9m prostoru, kter\u00e1 nahrazuje zdivo, respektive malbu st\u011bn, p\u0159\u00edpadn\u011b tapety. Je tedy celkem logick\u00e9, \u017ee bychom m\u011bli zam\u011b\u0159it pozornost i... <a class=\"more-link\" href=\"https:\/\/www.lgf1.cz\/vybirame-posuvne-dvere-pro-vestavenou-skrin\/\">Pokra\u010dovat ve \u010dten\u00ed &rarr;<\/a>","datePublished":"2025-03-17","dateModified":"2025-03-17","author":{"@type":"Person","@id":"https:\/\/www.lgf1.cz\/author\/devene\/#Person","name":"devene","url":"https:\/\/www.lgf1.cz\/author\/devene\/","identifier":1,"image":{"@type":"ImageObject","@id":"https:\/\/secure.gravatar.com\/avatar\/232437c79d6ebbb41eb67b1526ce0bc08ee5047d6b1594dc05abcc3258d8e0b3?s=96&d=mm&r=g","url":"https:\/\/secure.gravatar.com\/avatar\/232437c79d6ebbb41eb67b1526ce0bc08ee5047d6b1594dc05abcc3258d8e0b3?s=96&d=mm&r=g","height":96,"width":96}},"publisher":{"@type":"Organization","name":"lgf1.cz","logo":{"@type":"ImageObject","@id":"\/logo.png","url":"\/logo.png","width":600,"height":60}},"image":{"@type":"ImageObject","@id":"https:\/\/www.lgf1.cz\/wp-content\/uploads\/building-8428460_640_7.jpg","url":"https:\/\/www.lgf1.cz\/wp-content\/uploads\/building-8428460_640_7.jpg","height":0,"width":0},"url":"https:\/\/www.lgf1.cz\/vybirame-posuvne-dvere-pro-vestavenou-skrin\/","about":["Produkty"],"wordCount":395,"articleBody":"      Vestav\u011bn\u00e9 sk\u0159\u00edn\u011b na m\u00edru jsou p\u0159\u00ednosn\u00e9 jak z praktick\u00e9ho hlediska, tak i estetick\u00e9ho. Jde toti\u017e o mnohdy velkou plochu v obytn\u00e9m prostoru, kter\u00e1 nahrazuje zdivo, respektive malbu st\u011bn, p\u0159\u00edpadn\u011b tapety. Je tedy celkem logick\u00e9, \u017ee bychom m\u011bli zam\u011b\u0159it pozornost i na dekor posuvn\u00fdch dve\u0159\u00ed vestav\u011bn\u00e9 sk\u0159\u00edn\u011b.D\u0159evo ke d\u0159evu \u2013 sladit d\u0159ev\u011bn\u00fd dekor, respektive imitaci d\u0159eva na posuvn\u00fdch dve\u0159\u00edch s dekorem plovouc\u00ed podlahy podobn\u00e9ho stylu nen\u00ed jednoduch\u00e9 a nemus\u00ed se v\u00e1m to l\u00edbit. T\u0159eba takov\u00e9 d\u0159ev\u011bn\u00e9 oblo\u017een\u00ed v saun\u011b je zhotoveno z jednoho typu materi\u00e1lu a tam to vypad\u00e1 p\u0159irozen\u011b, kde\u017eto u imitac\u00ed d\u0159eva \u201eka\u017ed\u00fd pes jin\u00e1 ves\u201c v\u00e1m to m\u016f\u017ee naru\u0161it estetick\u00fd dojem. Kdy\u017e u\u017e trv\u00e1te na d\u0159ev\u011bn\u00e9m dekoru dve\u0159\u00ed, zkuste jej napasovat t\u0159eba k jednobarevn\u00e9mu modr\u00e9mu koberci, zkr\u00e1tka zvolit barevn\u00fd kontrast. D\u0159evo tak\u00e9 dob\u0159e lad\u00ed s b\u00edlou barvou om\u00edtky nebo s b\u00edl\u00fdmi \u010di sv\u011btl\u00fdmi kr\u00e9mov\u00fdmi dla\u017edicemi na podlaze.Pastelov\u00e9 barvy \u2013 v sou\u010dasn\u00e9 dob\u011b se p\u0159i v\u00fdrob\u011b n\u00e1bytku, od\u011bv\u016f a dal\u0161\u00edho spot\u0159ebn\u00edho zbo\u017e\u00ed \u010dasto vyu\u017e\u00edv\u00e1 \u0161ed\u00e1 a \u010dern\u00e1. Ve skute\u010dnosti to ale nejsou barvy, nejsou sou\u010d\u00e1st\u00ed barevn\u00e9ho spektra, jednodu\u0161e je tam nenajdete, a chcete-li d\u016fkaz, sta\u010d\u00ed rozlo\u017eit sv\u011btlo v transparentn\u00edm hranolu a m\u00e1te p\u0159ed sebou barevnou duhu od \u010derven\u00e9 p\u0159es oran\u017eovou, \u017elutou, zelenou a\u017e k modr\u00e9 a fialov\u00e9. \u010cern\u00e1 zkr\u00e1tka pouze barvy pohlcuje a \u0161ed\u00e1 tak\u00e9, i kdy\u017e o n\u011bco m\u00e9n\u011b. Nev\u00fdhodou \u010dern\u00e9 a \u0161ed\u00e9 je, \u017ee pohlcov\u00e1n\u00edm kradou energii a opticky zmen\u0161uj\u00ed obytn\u00fd prostor, m\u016f\u017eete se s nimi c\u00edtit podivn\u011b. Dejte rad\u011bji p\u0159ednost barv\u00e1m pastelov\u00fdm, v\u00fdrazn\u00fdm, kter\u00e9 jsou p\u0159irozenou sou\u010d\u00e1st\u00ed \u017eivota. Inspirujte se barevn\u00fdmi kv\u011bty rostlin, k\u0159\u00eddly mot\u00fdl\u016f, modr\u00fdm nebem, slune\u010dn\u00edmi paprsky, \u010derv\u00e1nky u zapadaj\u00edc\u00edho Slunce, mo\u0159skou hladinou, p\u00edse\u010dnou pl\u00e1\u017e\u00ed, zkr\u00e1tka mnoha p\u0159\u00edrodn\u00edmi motivy. Barvy dve\u0159\u00ed lze vyb\u00edrat podle n\u00e1lady, vkusu i teploty barev \u010di na z\u00e1klad\u011b barevn\u00fdch kontrast\u016f.                                                                                                                                                                                                                                                                                                                                                                                          4.4\/5 - (8 votes)        "},{"@context":"https:\/\/schema.org\/","@type":"BreadcrumbList","itemListElement":[{"@type":"ListItem","position":1,"name":"Vyb\u00edr\u00e1me posuvn\u00e9 dve\u0159e pro vestav\u011bnou sk\u0159\u00ed\u0148","item":"https:\/\/www.lgf1.cz\/vybirame-posuvne-dvere-pro-vestavenou-skrin\/#breadcrumbitem"}]}]