[{"@context":"https:\/\/schema.org\/","@type":"Article","@id":"https:\/\/www.lgf1.cz\/proc-jet-na-dovolenou-do-benatek\/#Article","mainEntityOfPage":"https:\/\/www.lgf1.cz\/proc-jet-na-dovolenou-do-benatek\/","headline":"Pro\u010d jet na dovolenou do Ben\u00e1tek?","name":"Pro\u010d jet na dovolenou do Ben\u00e1tek?","description":"Italsk\u00e9 m\u011bsto Ben\u00e1tky se nach\u00e1z\u00ed v severn\u00ed \u010d\u00e1sti It\u00e1lie a je hlavn\u00edm m\u011bstem severoitalsk\u00e9 \u010d\u00e1sti Ben\u00e1tska. M\u011bsto je celosv\u011btov\u011b zn\u00e1m\u00e9 hlavn\u011b d\u00edky tomu, \u017ee se jednou potop\u00ed, proto\u017ee stoj\u00ed na ostrovech v m\u011blk\u00e9 lagun\u011b, ale nov\u011bj\u0161\u00ed \u010d\u00e1sti m\u011bsta jsou vystav\u011bny... <a class=\"more-link\" href=\"https:\/\/www.lgf1.cz\/proc-jet-na-dovolenou-do-benatek\/\">Pokra\u010dovat ve \u010dten\u00ed &rarr;<\/a>","datePublished":"2020-10-25","dateModified":"2024-05-23","author":{"@type":"Person","@id":"https:\/\/www.lgf1.cz\/author\/devene\/#Person","name":"devene","url":"https:\/\/www.lgf1.cz\/author\/devene\/","identifier":1,"image":{"@type":"ImageObject","@id":"https:\/\/secure.gravatar.com\/avatar\/232437c79d6ebbb41eb67b1526ce0bc08ee5047d6b1594dc05abcc3258d8e0b3?s=96&d=mm&r=g","url":"https:\/\/secure.gravatar.com\/avatar\/232437c79d6ebbb41eb67b1526ce0bc08ee5047d6b1594dc05abcc3258d8e0b3?s=96&d=mm&r=g","height":96,"width":96}},"publisher":{"@type":"Organization","name":"lgf1.cz","logo":{"@type":"ImageObject","@id":"\/logo.png","url":"\/logo.png","width":600,"height":60}},"image":{"@type":"ImageObject","@id":"https:\/\/www.lgf1.cz\/wp-content\/uploads\/img_a279537_w1886_t1602879398.jpg","url":"https:\/\/www.lgf1.cz\/wp-content\/uploads\/img_a279537_w1886_t1602879398.jpg","height":0,"width":0},"url":"https:\/\/www.lgf1.cz\/proc-jet-na-dovolenou-do-benatek\/","about":["D\u016fm a byt"],"wordCount":499,"articleBody":"Italsk\u00e9 m\u011bsto Ben\u00e1tky se nach\u00e1z\u00ed v severn\u00ed \u010d\u00e1sti It\u00e1lie a je hlavn\u00edm m\u011bstem severoitalsk\u00e9 \u010d\u00e1sti Ben\u00e1tska. M\u011bsto je celosv\u011btov\u011b zn\u00e1m\u00e9 hlavn\u011b d\u00edky tomu, \u017ee se jednou potop\u00ed, proto\u017ee stoj\u00ed na ostrovech v m\u011blk\u00e9 lagun\u011b, ale nov\u011bj\u0161\u00ed \u010d\u00e1sti m\u011bsta jsou vystav\u011bny na nedalek\u00e9m b\u0159ehu.Dnes maj\u00ed Ben\u00e1tky hlavn\u011b kulturn\u00ed, historick\u00fd a turistick\u00fd v\u00fdznam, ale v minulosti (hlavn\u011b ve st\u0159edov\u011bku) se jednalo hlavn\u011b o obchodn\u00ed a n\u00e1mo\u0159n\u00ed velmoc, kde bylo zna\u010dn\u011b rozvinut\u00e9 sklen\u00e1\u0159stv\u00ed.D\u00edky tomu, \u017ee do Ben\u00e1tek ro\u010dn\u011b p\u0159ijede okolo 18 milion\u016f turist\u016f, se jedn\u00e1 o jedno z nejv\u00edce nav\u0161t\u011bvovan\u00fdch m\u011bst na sv\u011bt\u011b. Zn\u00e1m\u00e9 jsou hlavn\u011b gondoly plavouc\u00ed se na \u00fazk\u00fdch kan\u00e1lech, n\u00e1m\u011bst\u00ed svat\u00e9ho Marka \u010di slavn\u00fd karneval. P\u0159esto st\u00e1le existuj\u00ed i zaj\u00edmavosti, kter\u00e9 o Ben\u00e1tk\u00e1ch jen tak n\u011bkdo nev\u00ed.1. Ben\u00e1tky jsou pod vodou pravideln\u011bV Ben\u00e1tk\u00e1ch existuj\u00ed dny, kter\u00e9 jsou zn\u00e1m\u00e9 jako \u201cacqua alta\u201c (vysok\u00e1 voda), kdy se hladina vody zv\u00fd\u0161\u00ed a\u017e o necel\u00fd metr. T\u011bchto dn\u00ed b\u00fdv\u00e1 ro\u010dn\u011b pr\u016fm\u011brn\u011b 54. M\u011bsto je na to v\u0161ak v\u011bt\u0161inou ji\u017e p\u0159ipraven\u00e9, tak\u017ee vznikaj\u00ed provizorn\u00ed l\u00e1vky, proto\u017ee vody obvykle zaplav\u00ed ulice, n\u011bkdy v\u0161ak je voda podstatn\u011b vy\u0161\u0161\u00ed, ne\u017e je obvykl\u00e9 \u2013 v roce 1966 z\u00e1plava dos\u00e1hla t\u00e9m\u011b\u0159 2 metr\u016f.\u010cl\u00e1nek Sponzorov\u00e1no Najd\u011bte n\u011bco pro ka\u017ed\u00e9ho v na\u0161\u00ed kolekci barevn\u00fdch, jasn\u00fdch a stylov\u00fdch pono\u017eek. Kupujte jednotliv\u011b nebo v bal\u00ed\u010dc\u00edch, abyste si p\u0159idali barvu sock \u0161upl\u00edk!2. Na gondol\u00e1ch V\u00e1s m\u016f\u017ee sv\u00e9st i \u017eenaNejv\u011bt\u0161\u00ed rozmach gondol byl v Ben\u00e1tk\u00e1ch v 16. stolet\u00ed, p\u0159esto se gondoly plav\u00ed po Ben\u00e1tk\u00e1ch u\u017e od roku 1094 a v sou\u010dasnosti se jich pohybuje po Ben\u00e1tk\u00e1ch okolo 500 kus\u016f. Pokud byste se v\u0161ak cht\u011bli st\u00e1t gondoli\u00e9rem, nebylo by to v\u016fbec jednoduch\u00e9 \u2013 respektive by to bylo nemo\u017en\u00e9, proto\u017ee tato profese se d\u011bd\u00ed z otce na syna.Gondoli\u00e9r mus\u00ed m\u00edt licenci, kterou z\u00edsk\u00e1 jen po absolvov\u00e1n\u00ed 400 hodinov\u00e9ho kurzu a zkou\u0161ek \u2013 ro\u010dn\u011b se to povede v\u0161ak jenom t\u0159em a\u017e \u010dty\u0159em z\u00e1jemc\u016fm. Od roku 2010 je mezi nimi i jedna \u017eena.3. Kan\u00e1ly a mostyCel\u00e9 Ben\u00e1tky maj\u00ed pom\u011brn\u011b \u010dil\u00fd dopravn\u00ed ruch, kter\u00fd se uskute\u010d\u0148uje na v\u00edce ne\u017e 100 kan\u00e1lech. Hlavn\u00ed dopravn\u00ed tepnou je Canal Grande. Ve m\u011bst\u011b je p\u0159es 400 most\u016f a nejstar\u0161\u00ed z nich je Ponte di Rialto z 12. stolet\u00ed. N\u011bkter\u00e9 mosty jsou dokonce i soukrom\u00e9, i kdy\u017e jich je men\u0161ina. D\u0159\u00edve se po t\u011bchto mostech mohlo jezdit jen na kon\u00edch, proto ty star\u0161\u00ed nemaj\u00ed schody. Nejnov\u011bj\u0161\u00ed most je z roku 2008.                                                                                                                                                                                                                                                                                                                                                                                        4.6\/5 - (7 votes)        "},{"@context":"https:\/\/schema.org\/","@type":"BreadcrumbList","itemListElement":[{"@type":"ListItem","position":1,"name":"Pro\u010d jet na dovolenou do Ben\u00e1tek?","item":"https:\/\/www.lgf1.cz\/proc-jet-na-dovolenou-do-benatek\/#breadcrumbitem"}]}]